{"id":6272,"date":"2024-09-18T10:14:32","date_gmt":"2024-09-18T10:14:32","guid":{"rendered":"https:\/\/nexu.co\/blog\/?p=6272"},"modified":"2024-09-18T10:14:33","modified_gmt":"2024-09-18T10:14:33","slug":"baja-enfermedad-por-ansiedad","status":"publish","type":"post","link":"https:\/\/nexu.co\/blog\/baja-enfermedad-por-ansiedad\/","title":{"rendered":"Baja por Enfermedad por Ansiedad: \u00bfC\u00f3mo Solicitarla y Cu\u00e1les Son Tus Derechos?"},"content":{"rendered":"\n\n<div class=\"kk-star-ratings kksr-auto kksr-align-left kksr-valign-top\"\n    data-payload='{&quot;align&quot;:&quot;left&quot;,&quot;id&quot;:&quot;6272&quot;,&quot;slug&quot;:&quot;default&quot;,&quot;valign&quot;:&quot;top&quot;,&quot;ignore&quot;:&quot;&quot;,&quot;reference&quot;:&quot;auto&quot;,&quot;class&quot;:&quot;&quot;,&quot;count&quot;:&quot;0&quot;,&quot;legendonly&quot;:&quot;&quot;,&quot;readonly&quot;:&quot;&quot;,&quot;score&quot;:&quot;0&quot;,&quot;starsonly&quot;:&quot;&quot;,&quot;best&quot;:&quot;5&quot;,&quot;gap&quot;:&quot;5&quot;,&quot;greet&quot;:&quot;Rate this post&quot;,&quot;legend&quot;:&quot;0\\\/5 - (0 votos)&quot;,&quot;size&quot;:&quot;24&quot;,&quot;title&quot;:&quot;Baja por Enfermedad por Ansiedad: \u00bfC\u00f3mo Solicitarla y Cu\u00e1les Son Tus Derechos?&quot;,&quot;width&quot;:&quot;0&quot;,&quot;_legend&quot;:&quot;{score}\\\/{best} - ({count} {votes})&quot;,&quot;font_factor&quot;:&quot;1.25&quot;}'>\n            \n<div class=\"kksr-stars\">\n    \n<div class=\"kksr-stars-inactive\">\n            <div class=\"kksr-star\" data-star=\"1\" style=\"padding-right: 5px\">\n            \n\n<div class=\"kksr-icon\" style=\"width: 24px; height: 24px;\"><\/div>\n        <\/div>\n            <div class=\"kksr-star\" data-star=\"2\" style=\"padding-right: 5px\">\n            \n\n<div class=\"kksr-icon\" style=\"width: 24px; height: 24px;\"><\/div>\n        <\/div>\n            <div class=\"kksr-star\" data-star=\"3\" style=\"padding-right: 5px\">\n            \n\n<div class=\"kksr-icon\" style=\"width: 24px; height: 24px;\"><\/div>\n        <\/div>\n            <div class=\"kksr-star\" data-star=\"4\" style=\"padding-right: 5px\">\n            \n\n<div class=\"kksr-icon\" style=\"width: 24px; height: 24px;\"><\/div>\n        <\/div>\n            <div class=\"kksr-star\" data-star=\"5\" style=\"padding-right: 5px\">\n            \n\n<div class=\"kksr-icon\" style=\"width: 24px; height: 24px;\"><\/div>\n        <\/div>\n    <\/div>\n    \n<div class=\"kksr-stars-active\" style=\"width: 0px;\">\n            <div class=\"kksr-star\" style=\"padding-right: 5px\">\n            \n\n<div class=\"kksr-icon\" style=\"width: 24px; height: 24px;\"><\/div>\n        <\/div>\n            <div class=\"kksr-star\" style=\"padding-right: 5px\">\n            \n\n<div class=\"kksr-icon\" style=\"width: 24px; height: 24px;\"><\/div>\n        <\/div>\n            <div class=\"kksr-star\" style=\"padding-right: 5px\">\n            \n\n<div class=\"kksr-icon\" style=\"width: 24px; height: 24px;\"><\/div>\n        <\/div>\n            <div class=\"kksr-star\" style=\"padding-right: 5px\">\n            \n\n<div class=\"kksr-icon\" style=\"width: 24px; height: 24px;\"><\/div>\n        <\/div>\n            <div class=\"kksr-star\" style=\"padding-right: 5px\">\n            \n\n<div class=\"kksr-icon\" style=\"width: 24px; height: 24px;\"><\/div>\n        <\/div>\n    <\/div>\n<\/div>\n                \n\n<div class=\"kksr-legend\" style=\"font-size: 19.2px;\">\n            <span class=\"kksr-muted\">Rate this post<\/span>\n    <\/div>\n    <\/div>\n\n<p>La ansiedad es una de las condiciones de salud mental m\u00e1s comunes en el entorno laboral, y cuando se vuelve debilitante, es posible que un trabajador necesite tomar una <strong>baja por enfermedad por ansiedad<\/strong>. Esta baja permite que la persona reciba tratamiento adecuado y el descanso necesario. Pero, \u00bfcu\u00e1ndo se puede solicitar? En este blog te explicamos los s\u00edntomas de la ansiedad, c\u00f3mo pedir una baja por enfermedad por ansiedad y qu\u00e9 derechos tienes como trabajador en Espa\u00f1a.<\/p>\n\n\n\n<figure class=\"wp-block-image size-full\"><a href=\"https:\/\/nexu.co\/doctor\/isaac-jimenez-navarro?utm_source=blog&amp;utm_medium=banner&amp;utm_campaign=blog+doctor+banners\"><img fetchpriority=\"high\" decoding=\"async\" width=\"880\" height=\"185\" src=\"https:\/\/nexu.co\/blog\/wp-content\/uploads\/2024\/09\/Isaac-Jimenez-piscologo.png\" alt=\"\" class=\"wp-image-6280\" srcset=\"https:\/\/nexu.co\/blog\/wp-content\/uploads\/2024\/09\/Isaac-Jimenez-piscologo.png 880w, https:\/\/nexu.co\/blog\/wp-content\/uploads\/2024\/09\/Isaac-Jimenez-piscologo-800x168.png 800w, https:\/\/nexu.co\/blog\/wp-content\/uploads\/2024\/09\/Isaac-Jimenez-piscologo-355x75.png 355w, https:\/\/nexu.co\/blog\/wp-content\/uploads\/2024\/09\/Isaac-Jimenez-piscologo-768x161.png 768w, https:\/\/nexu.co\/blog\/wp-content\/uploads\/2024\/09\/Isaac-Jimenez-piscologo-550x116.png 550w\" sizes=\"(max-width: 880px) 100vw, 880px\" \/><\/a><\/figure>\n\n\n\n<h2 class=\"wp-block-heading\">\u00bfQu\u00e9 es la Ansiedad?<\/h2>\n\n\n\n<p>La <a href=\"https:\/\/nexu.co\/blog\/ansiedad-en-mujeres-causas-sintomas-y-estrategias-para-enfrentarla-con-exito\/\">ansiedad<\/a> es una respuesta natural del cuerpo ante situaciones de estr\u00e9s, pero cuando esta respuesta se vuelve excesiva o constante, puede convertirse en un trastorno que afecta la capacidad de una persona para cumplir con sus responsabilidades diarias. En estos casos, una <strong>baja por enfermedad por ansiedad<\/strong> puede ser necesaria para tratar la condici\u00f3n y evitar que empeore.<\/p>\n\n\n\n<h3 class=\"wp-block-heading\">S\u00edntomas Comunes de la Ansiedad<\/h3>\n\n\n\n<p>Entre los s\u00edntomas que pueden llevar a solicitar una baja por enfermedad por ansiedad se encuentran:<\/p>\n\n\n\n<ul class=\"wp-block-list\">\n<li><strong>Agotamiento f\u00edsico y mental:<\/strong> Sensaci\u00f3n constante de cansancio, incluso despu\u00e9s de descansar.<\/li>\n\n\n\n<li><strong>Problemas de concentraci\u00f3n:<\/strong> Dificultad para centrarse en tareas laborales o tomar decisiones importantes.<\/li>\n\n\n\n<li><strong>Insomnio:<\/strong> Problemas para dormir o descansar adecuadamente.<\/li>\n\n\n\n<li><strong>Irritabilidad y nerviosismo:<\/strong> Sensaci\u00f3n constante de tensi\u00f3n o alerta.<\/li>\n\n\n\n<li><strong>Taquicardia o dolor en el pecho:<\/strong> S\u00edntomas f\u00edsicos de ansiedad, como palpitaciones o dolores musculares.<\/li>\n\n\n\n<li><strong>Ataques de p\u00e1nico:<\/strong> Episodios intensos de miedo sin raz\u00f3n aparente.<\/li>\n<\/ul>\n\n\n\n<p>Estos s\u00edntomas, cuando son cr\u00f3nicos, pueden justificar una baja por enfermedad por ansiedad si afectan la capacidad del trabajador para desempe\u00f1ar su trabajo adecuadamente.<\/p>\n\n\n\n<h2 class=\"wp-block-heading\">\u00bfPuedo Solicitar una Baja por Enfermedad por Ansiedad?<\/h2>\n\n\n\n<p>En Espa\u00f1a, es posible solicitar una <strong>baja por enfermedad por ansiedad<\/strong> si los s\u00edntomas son lo suficientemente graves como para impedir al trabajador cumplir con sus tareas laborales. La ansiedad est\u00e1 reconocida como una causa leg\u00edtima de baja por enfermedad, ya sea causada por factores laborales, personales o una combinaci\u00f3n de ambos.<\/p>\n\n\n\n<h3 class=\"wp-block-heading\">\u00bfC\u00f3mo Funciona la Baja por Enfermedad por Ansiedad?<\/h3>\n\n\n\n<p>El proceso de solicitar una baja por enfermedad por ansiedad sigue el mismo procedimiento que otras bajas m\u00e9dicas:<\/p>\n\n\n\n<ol class=\"wp-block-list\">\n<li><strong>Consulta a un M\u00e9dico:<\/strong> El primer paso es acudir a tu m\u00e9dico de cabecera o a un especialista en salud mental para que eval\u00fae tus s\u00edntomas.<\/li>\n\n\n\n<li><strong>Parte de Baja M\u00e9dica:<\/strong> Si el m\u00e9dico determina que tu ansiedad afecta tu capacidad de trabajar, te proporcionar\u00e1 un parte de baja m\u00e9dica. Este documento certifica tu necesidad de una baja por enfermedad por ansiedad.<\/li>\n\n\n\n<li><strong>Entrega del Parte a Tu Empresa:<\/strong> Es fundamental que entregues este parte a tu empleador para justificar tu ausencia del trabajo.<\/li>\n\n\n\n<li><strong>Seguimiento M\u00e9dico:<\/strong> Durante la baja, deber\u00e1s acudir a consultas peri\u00f3dicas con tu m\u00e9dico para evaluar tu progreso y determinar cu\u00e1ndo est\u00e1s en condiciones de regresar al trabajo.<\/li>\n<\/ol>\n\n\n\n<h3 class=\"wp-block-heading\">Duraci\u00f3n de la Baja por Enfermedad por Ansiedad<\/h3>\n\n\n\n<p>La duraci\u00f3n de la <strong>baja por enfermedad por ansiedad<\/strong> depender\u00e1 de la gravedad de los s\u00edntomas y de la respuesta del trabajador al tratamiento. Puede variar desde unas semanas hasta varios meses, dependiendo de cada caso.<\/p>\n\n\n\n<h2 class=\"wp-block-heading\">Derechos del Trabajador Durante la Baja por Enfermedad por Ansiedad<\/h2>\n\n\n\n<p>Cuando un trabajador solicita una baja por enfermedad por ansiedad, tiene ciertos derechos que deben ser respetados:<\/p>\n\n\n\n<h3 class=\"wp-block-heading\">1. <strong>Compensaci\u00f3n Econ\u00f3mica<\/strong><\/h3>\n\n\n\n<p>Durante la baja por enfermedad por ansiedad, el trabajador tiene derecho a recibir una compensaci\u00f3n econ\u00f3mica. En Espa\u00f1a, las condiciones son las siguientes:<\/p>\n\n\n\n<ul class=\"wp-block-list\">\n<li><strong>Incapacidad Temporal por Enfermedad Com\u00fan:<\/strong> Desde el cuarto d\u00eda de baja, recibir\u00e1s el 60% de tu base reguladora hasta el d\u00eda 20, y a partir del d\u00eda 21, recibir\u00e1s el 75%.<\/li>\n\n\n\n<li><strong>Mejoras por Convenio Colectivo:<\/strong> En algunos casos, el convenio colectivo de la empresa puede ofrecer un complemento salarial.<\/li>\n<\/ul>\n\n\n\n<h3 class=\"wp-block-heading\">2. <strong>Protecci\u00f3n del Puesto de Trabajo<\/strong><\/h3>\n\n\n\n<p>El empleador no puede despedir a un trabajador por estar en <strong>baja por enfermedad por ansiedad<\/strong>. El trabajador tiene derecho a reincorporarse a su puesto de trabajo una vez que el m\u00e9dico lo autorice.<\/p>\n\n\n\n<h3 class=\"wp-block-heading\">3. <strong>Revisiones y Seguimiento M\u00e9dico<\/strong><\/h3>\n\n\n\n<p>El trabajador tiene derecho a recibir un seguimiento m\u00e9dico durante su baja por enfermedad por ansiedad, lo que incluye consultas regulares con el m\u00e9dico de cabecera o con un especialista en salud mental.<\/p>\n\n\n\n<h3 class=\"wp-block-heading\">4. <strong>Incorporaci\u00f3n Progresiva<\/strong><\/h3>\n\n\n\n<p>En algunos casos, el trabajador puede regresar de manera progresiva a su jornada completa, ajustando sus horas de trabajo hasta que est\u00e9 completamente recuperado.<\/p>\n\n\n\n<h2 class=\"wp-block-heading\">\u00bfQu\u00e9 Hacer Si Mi Solicitud de Baja por Enfermedad por Ansiedad Es Denegada?<\/h2>\n\n\n\n<p>Si tu solicitud de <strong>baja por enfermedad por ansiedad<\/strong> es rechazada, hay varias opciones disponibles:<\/p>\n\n\n\n<ul class=\"wp-block-list\">\n<li><strong>Buscar una Segunda Opini\u00f3n M\u00e9dica:<\/strong> Si un m\u00e9dico no considera que tus s\u00edntomas justifican una baja, puedes buscar una segunda opini\u00f3n de otro profesional de la salud.<\/li>\n\n\n\n<li><strong>Presentar una Reclamaci\u00f3n:<\/strong> Si crees que tu baja ha sido denegada de manera injusta por tu empleador, puedes recurrir a la Inspecci\u00f3n de Trabajo o a un abogado especializado en derecho laboral.<\/li>\n<\/ul>\n\n\n\n<h2 class=\"wp-block-heading\">Consejos para Manejar la Ansiedad y Evitar la Baja M\u00e9dica<\/h2>\n\n\n\n<p>Si bien la <strong>baja por enfermedad por ansiedad<\/strong> es una opci\u00f3n cuando los s\u00edntomas son graves, hay algunas estrategias para manejar la ansiedad antes de que llegue a ese punto:<\/p>\n\n\n\n<ul class=\"wp-block-list\">\n<li><strong>Practica T\u00e9cnicas de Relajaci\u00f3n:<\/strong> El yoga, la meditaci\u00f3n o ejercicios de respiraci\u00f3n pueden ayudar a reducir los niveles de ansiedad.<\/li>\n\n\n\n<li><strong>Establece L\u00edmites Laborales:<\/strong> No sobrecargarte de trabajo y aprender a desconectar del entorno laboral es clave para reducir el estr\u00e9s.<\/li>\n\n\n\n<li><strong>Busca Apoyo Profesional Temprano:<\/strong> Hablar con un psic\u00f3logo o terapeuta puede ayudarte a gestionar la ansiedad antes de que se agrave.<\/li>\n<\/ul>\n\n\n\n<h2 class=\"wp-block-heading\">Conclusi\u00f3n<\/h2>\n\n\n\n<p>La <strong>baja por enfermedad por ansiedad<\/strong> es un derecho leg\u00edtimo de los trabajadores que experimentan un alto nivel de estr\u00e9s que afecta su capacidad de trabajar. Si sufres de ansiedad que interfiere con tu vida laboral, es importante buscar ayuda m\u00e9dica lo antes posible y estar informado sobre tus derechos laborales.<\/p>\n\n\n\n<p>En <a href=\"http:\/\/nexu.co\">Nexu<\/a>, contamos con <a href=\"https:\/\/nexu.co\/specialties\/psicologia\">psic\u00f3logos<\/a> que pueden asesorarte en c\u00f3mo manejar la ansiedad, prevenir el agotamiento y mejorar tu calidad de vida. \u00a1No dudes en contactarnos si necesitas apoyo o tratamiento!<\/p>\n\n\n\n<p><\/p>\n","protected":false},"excerpt":{"rendered":"<p>Descubre c\u00f3mo solicitar una baja por enfermedad debido a ansiedad, los s\u00edntomas m\u00e1s comunes y el proceso legal para obtener apoyo.<\/p>\n","protected":false},"author":14,"featured_media":6279,"comment_status":"closed","ping_status":"closed","sticky":false,"template":"","format":"standard","meta":{"_eb_attr":"","inline_featured_image":false,"footnotes":""},"categories":[261],"tags":[],"class_list":["post-6272","post","type-post","status-publish","format-standard","has-post-thumbnail","hentry","category-bienestar-en-el-trabajo"],"_links":{"self":[{"href":"https:\/\/nexu.co\/blog\/wp-json\/wp\/v2\/posts\/6272","targetHints":{"allow":["GET"]}}],"collection":[{"href":"https:\/\/nexu.co\/blog\/wp-json\/wp\/v2\/posts"}],"about":[{"href":"https:\/\/nexu.co\/blog\/wp-json\/wp\/v2\/types\/post"}],"author":[{"embeddable":true,"href":"https:\/\/nexu.co\/blog\/wp-json\/wp\/v2\/users\/14"}],"replies":[{"embeddable":true,"href":"https:\/\/nexu.co\/blog\/wp-json\/wp\/v2\/comments?post=6272"}],"version-history":[{"count":1,"href":"https:\/\/nexu.co\/blog\/wp-json\/wp\/v2\/posts\/6272\/revisions"}],"predecessor-version":[{"id":6281,"href":"https:\/\/nexu.co\/blog\/wp-json\/wp\/v2\/posts\/6272\/revisions\/6281"}],"wp:featuredmedia":[{"embeddable":true,"href":"https:\/\/nexu.co\/blog\/wp-json\/wp\/v2\/media\/6279"}],"wp:attachment":[{"href":"https:\/\/nexu.co\/blog\/wp-json\/wp\/v2\/media?parent=6272"}],"wp:term":[{"taxonomy":"category","embeddable":true,"href":"https:\/\/nexu.co\/blog\/wp-json\/wp\/v2\/categories?post=6272"},{"taxonomy":"post_tag","embeddable":true,"href":"https:\/\/nexu.co\/blog\/wp-json\/wp\/v2\/tags?post=6272"}],"curies":[{"name":"wp","href":"https:\/\/api.w.org\/{rel}","templated":true}]}}