{"id":3391,"date":"2023-11-07T16:59:30","date_gmt":"2023-11-07T16:59:30","guid":{"rendered":"https:\/\/blog.mydoki.com\/?p=3391"},"modified":"2024-06-06T11:49:29","modified_gmt":"2024-06-06T11:49:29","slug":"bronquitis-aguda-prevencion-sintomas-y-tratamiento","status":"publish","type":"post","link":"https:\/\/nexu.co\/blog\/bronquitis-aguda-prevencion-sintomas-y-tratamiento\/","title":{"rendered":"Bronquitis Aguda: Prevenci\u00f3n, S\u00edntomas Y Tratamiento"},"content":{"rendered":"\n\n<div class=\"kk-star-ratings kksr-auto kksr-align-left kksr-valign-top\"\n    data-payload='{&quot;align&quot;:&quot;left&quot;,&quot;id&quot;:&quot;3391&quot;,&quot;slug&quot;:&quot;default&quot;,&quot;valign&quot;:&quot;top&quot;,&quot;ignore&quot;:&quot;&quot;,&quot;reference&quot;:&quot;auto&quot;,&quot;class&quot;:&quot;&quot;,&quot;count&quot;:&quot;0&quot;,&quot;legendonly&quot;:&quot;&quot;,&quot;readonly&quot;:&quot;&quot;,&quot;score&quot;:&quot;0&quot;,&quot;starsonly&quot;:&quot;&quot;,&quot;best&quot;:&quot;5&quot;,&quot;gap&quot;:&quot;5&quot;,&quot;greet&quot;:&quot;Rate this post&quot;,&quot;legend&quot;:&quot;0\\\/5 - (0 votos)&quot;,&quot;size&quot;:&quot;24&quot;,&quot;title&quot;:&quot;Bronquitis Aguda: Prevenci\u00f3n, S\u00edntomas Y Tratamiento&quot;,&quot;width&quot;:&quot;0&quot;,&quot;_legend&quot;:&quot;{score}\\\/{best} - ({count} {votes})&quot;,&quot;font_factor&quot;:&quot;1.25&quot;}'>\n            \n<div class=\"kksr-stars\">\n    \n<div class=\"kksr-stars-inactive\">\n            <div class=\"kksr-star\" data-star=\"1\" style=\"padding-right: 5px\">\n            \n\n<div class=\"kksr-icon\" style=\"width: 24px; height: 24px;\"><\/div>\n        <\/div>\n            <div class=\"kksr-star\" data-star=\"2\" style=\"padding-right: 5px\">\n            \n\n<div class=\"kksr-icon\" style=\"width: 24px; height: 24px;\"><\/div>\n        <\/div>\n            <div class=\"kksr-star\" data-star=\"3\" style=\"padding-right: 5px\">\n            \n\n<div class=\"kksr-icon\" style=\"width: 24px; height: 24px;\"><\/div>\n        <\/div>\n            <div class=\"kksr-star\" data-star=\"4\" style=\"padding-right: 5px\">\n            \n\n<div class=\"kksr-icon\" style=\"width: 24px; height: 24px;\"><\/div>\n        <\/div>\n            <div class=\"kksr-star\" data-star=\"5\" style=\"padding-right: 5px\">\n            \n\n<div class=\"kksr-icon\" style=\"width: 24px; height: 24px;\"><\/div>\n        <\/div>\n    <\/div>\n    \n<div class=\"kksr-stars-active\" style=\"width: 0px;\">\n            <div class=\"kksr-star\" style=\"padding-right: 5px\">\n            \n\n<div class=\"kksr-icon\" style=\"width: 24px; height: 24px;\"><\/div>\n        <\/div>\n            <div class=\"kksr-star\" style=\"padding-right: 5px\">\n            \n\n<div class=\"kksr-icon\" style=\"width: 24px; height: 24px;\"><\/div>\n        <\/div>\n            <div class=\"kksr-star\" style=\"padding-right: 5px\">\n            \n\n<div class=\"kksr-icon\" style=\"width: 24px; height: 24px;\"><\/div>\n        <\/div>\n            <div class=\"kksr-star\" style=\"padding-right: 5px\">\n            \n\n<div class=\"kksr-icon\" style=\"width: 24px; height: 24px;\"><\/div>\n        <\/div>\n            <div class=\"kksr-star\" style=\"padding-right: 5px\">\n            \n\n<div class=\"kksr-icon\" style=\"width: 24px; height: 24px;\"><\/div>\n        <\/div>\n    <\/div>\n<\/div>\n                \n\n<div class=\"kksr-legend\" style=\"font-size: 19.2px;\">\n            <span class=\"kksr-muted\">Rate this post<\/span>\n    <\/div>\n    <\/div>\n\n<p>La bronquitis aguda es una condici\u00f3n temporal que causa la inflamaci\u00f3n de los bronquios, las v\u00edas respiratorias que conducen a los pulmones. Aprender a prevenir y tratar esta enfermedad es fundamental para mantener una buena salud respiratoria y evitar complicaciones.<\/p>\n\n\n\n<h2 class=\"wp-block-heading\"><strong>Prevenci\u00f3n de la Bronquitis Aguda<\/strong><\/h2>\n\n\n\n<p>La prevenci\u00f3n es el primer paso para protegerse contra la bronquitis aguda. Las estrategias incluyen:<\/p>\n\n\n\n<ul class=\"wp-block-list\">\n<li><strong>Vacunaci\u00f3n<\/strong>: Las vacunas contra la gripe y el neumococo pueden reducir el riesgo de bronquitis.<\/li>\n\n\n\n<li><strong>Lavado de manos<\/strong>: Una higiene adecuada puede prevenir la transmisi\u00f3n de virus y bacterias.<\/li>\n\n\n\n<li><strong>Evitar el humo del tabaco<\/strong>: Fumar o la exposici\u00f3n al humo de segunda mano da\u00f1a los bronquios y aumenta la susceptibilidad a las infecciones.<\/li>\n<\/ul>\n\n\n\n<h2 class=\"wp-block-heading\"><strong>Identificaci\u00f3n de S\u00edntomas<\/strong><\/h2>\n\n\n\n<p>Los s\u00edntomas pueden incluir:<\/p>\n\n\n\n<ul class=\"wp-block-list\">\n<li>Tos persistente, que puede producir mucosidad<\/li>\n\n\n\n<li>Fatiga<\/li>\n\n\n\n<li>Falta de aliento<\/li>\n\n\n\n<li>Fiebre y escalofr\u00edos<\/li>\n\n\n\n<li>Dolor en el pecho<\/li>\n<\/ul>\n\n\n\n<p>Reconocer estos signos tempranamente puede permitir una intervenci\u00f3n oportuna y un tratamiento m\u00e1s efectivo.<\/p>\n\n\n\n<h2 class=\"wp-block-heading\"><strong>Tratamiento de la Bronquitis Aguda<\/strong><\/h2>\n\n\n\n<p>El tratamiento depender\u00e1 de la causa y severidad de los s\u00edntomas:<\/p>\n\n\n\n<ul class=\"wp-block-list\">\n<li><strong>Reposo y fluidos<\/strong>: Descansar y mantenerse hidratado son esenciales.<\/li>\n\n\n\n<li><strong>Medicamentos<\/strong>: Los analg\u00e9sicos pueden aliviar el dolor y la fiebre. Si la bronquitis es bacteriana, puede requerirse de antibi\u00f3ticos.<\/li>\n\n\n\n<li><strong>Inhaladores<\/strong>: Los broncodilatadores pueden aliviar los s\u00edntomas de la tos y la dificultad para respirar.<\/li>\n\n\n\n<li><strong>Fisioterapia respiratoria<\/strong>: Ayuda a movilizar y eliminar la secreci\u00f3n bronquial.<\/li>\n<\/ul>\n\n\n\n<p>Leer m\u00e1s: <a href=\"https:\/\/nexu.co\/blog\/todo-lo-que-debes-saber-sobre-la-medicina-general\/\">Todo Lo Que Debes Saber Sobre La Medicina General<\/a><\/p>\n\n\n\n<h2 class=\"wp-block-heading\"><strong>Cu\u00e1ndo consultar al m\u00e9dico<\/strong><\/h2>\n\n\n\n<p>Es importante consultar a un <strong><a href=\"https:\/\/nexu.co\/specialties\/medicina-general\">m\u00e9dico general<\/a> <\/strong>si los s\u00edntomas son graves, como:<\/p>\n\n\n\n<ul class=\"wp-block-list\">\n<li>Tos que dura m\u00e1s de tres semanas<\/li>\n\n\n\n<li>Tos que impide dormir<\/li>\n\n\n\n<li>Fiebre alta<\/li>\n\n\n\n<li>Sibilancias o dificultad para respirar<\/li>\n\n\n\n<li>Producci\u00f3n de esputo con sangre<\/li>\n<\/ul>\n\n\n\n<h3 class=\"wp-block-heading\"><strong>\u00bfTienes bronquitis aguda? Habla con un m\u00e9dico ahora<\/strong><\/h3>\n\n\n\n<p>En <strong><a href=\"https:\/\/nexu.co\/\">Nexu<\/a><\/strong>, ofrecemos <strong>consultas online de medicina general<\/strong> para evaluar tus s\u00edntomas y proporcionar un plan de tratamiento personalizado. Nuestros profesionales de la salud est\u00e1n listos para asesorarte y ayudarte en tu recuperaci\u00f3n de la bronquitis aguda.<\/p>\n","protected":false},"excerpt":{"rendered":"<p>La bronquitis aguda es una afecci\u00f3n respiratoria com\u00fan que inflama los conductos bronquiales. Este art\u00edculo explora sus causas, c\u00f3mo prevenirla, identificar sus s\u00edntomas y las opciones de tratamiento disponibles.<\/p>\n","protected":false},"author":12,"featured_media":3392,"comment_status":"open","ping_status":"open","sticky":false,"template":"","format":"standard","meta":{"_eb_attr":"","inline_featured_image":false,"footnotes":""},"categories":[189],"tags":[],"class_list":["post-3391","post","type-post","status-publish","format-standard","has-post-thumbnail","hentry","category-medicina-general"],"_links":{"self":[{"href":"https:\/\/nexu.co\/blog\/wp-json\/wp\/v2\/posts\/3391","targetHints":{"allow":["GET"]}}],"collection":[{"href":"https:\/\/nexu.co\/blog\/wp-json\/wp\/v2\/posts"}],"about":[{"href":"https:\/\/nexu.co\/blog\/wp-json\/wp\/v2\/types\/post"}],"author":[{"embeddable":true,"href":"https:\/\/nexu.co\/blog\/wp-json\/wp\/v2\/users\/12"}],"replies":[{"embeddable":true,"href":"https:\/\/nexu.co\/blog\/wp-json\/wp\/v2\/comments?post=3391"}],"version-history":[{"count":1,"href":"https:\/\/nexu.co\/blog\/wp-json\/wp\/v2\/posts\/3391\/revisions"}],"predecessor-version":[{"id":5563,"href":"https:\/\/nexu.co\/blog\/wp-json\/wp\/v2\/posts\/3391\/revisions\/5563"}],"wp:featuredmedia":[{"embeddable":true,"href":"https:\/\/nexu.co\/blog\/wp-json\/wp\/v2\/media\/3392"}],"wp:attachment":[{"href":"https:\/\/nexu.co\/blog\/wp-json\/wp\/v2\/media?parent=3391"}],"wp:term":[{"taxonomy":"category","embeddable":true,"href":"https:\/\/nexu.co\/blog\/wp-json\/wp\/v2\/categories?post=3391"},{"taxonomy":"post_tag","embeddable":true,"href":"https:\/\/nexu.co\/blog\/wp-json\/wp\/v2\/tags?post=3391"}],"curies":[{"name":"wp","href":"https:\/\/api.w.org\/{rel}","templated":true}]}}