{"id":3375,"date":"2023-10-27T11:37:49","date_gmt":"2023-10-27T11:37:49","guid":{"rendered":"https:\/\/blog.mydoki.com\/?p=3375"},"modified":"2024-06-06T11:44:41","modified_gmt":"2024-06-06T11:44:41","slug":"dermatologia-pediatrica-en-que-consiste","status":"publish","type":"post","link":"https:\/\/nexu.co\/blog\/dermatologia-pediatrica-en-que-consiste\/","title":{"rendered":"Dermatolog\u00eda Pedi\u00e1trica: \u00bfEn Qu\u00e9 Consiste?"},"content":{"rendered":"\n\n<div class=\"kk-star-ratings kksr-auto kksr-align-left kksr-valign-top\"\n    data-payload='{&quot;align&quot;:&quot;left&quot;,&quot;id&quot;:&quot;3375&quot;,&quot;slug&quot;:&quot;default&quot;,&quot;valign&quot;:&quot;top&quot;,&quot;ignore&quot;:&quot;&quot;,&quot;reference&quot;:&quot;auto&quot;,&quot;class&quot;:&quot;&quot;,&quot;count&quot;:&quot;0&quot;,&quot;legendonly&quot;:&quot;&quot;,&quot;readonly&quot;:&quot;&quot;,&quot;score&quot;:&quot;0&quot;,&quot;starsonly&quot;:&quot;&quot;,&quot;best&quot;:&quot;5&quot;,&quot;gap&quot;:&quot;5&quot;,&quot;greet&quot;:&quot;Rate this post&quot;,&quot;legend&quot;:&quot;0\\\/5 - (0 votos)&quot;,&quot;size&quot;:&quot;24&quot;,&quot;title&quot;:&quot;Dermatolog\u00eda Pedi\u00e1trica: \u00bfEn Qu\u00e9 Consiste?&quot;,&quot;width&quot;:&quot;0&quot;,&quot;_legend&quot;:&quot;{score}\\\/{best} - ({count} {votes})&quot;,&quot;font_factor&quot;:&quot;1.25&quot;}'>\n            \n<div class=\"kksr-stars\">\n    \n<div class=\"kksr-stars-inactive\">\n            <div class=\"kksr-star\" data-star=\"1\" style=\"padding-right: 5px\">\n            \n\n<div class=\"kksr-icon\" style=\"width: 24px; height: 24px;\"><\/div>\n        <\/div>\n            <div class=\"kksr-star\" data-star=\"2\" style=\"padding-right: 5px\">\n            \n\n<div class=\"kksr-icon\" style=\"width: 24px; height: 24px;\"><\/div>\n        <\/div>\n            <div class=\"kksr-star\" data-star=\"3\" style=\"padding-right: 5px\">\n            \n\n<div class=\"kksr-icon\" style=\"width: 24px; height: 24px;\"><\/div>\n        <\/div>\n            <div class=\"kksr-star\" data-star=\"4\" style=\"padding-right: 5px\">\n            \n\n<div class=\"kksr-icon\" style=\"width: 24px; height: 24px;\"><\/div>\n        <\/div>\n            <div class=\"kksr-star\" data-star=\"5\" style=\"padding-right: 5px\">\n            \n\n<div class=\"kksr-icon\" style=\"width: 24px; height: 24px;\"><\/div>\n        <\/div>\n    <\/div>\n    \n<div class=\"kksr-stars-active\" style=\"width: 0px;\">\n            <div class=\"kksr-star\" style=\"padding-right: 5px\">\n            \n\n<div class=\"kksr-icon\" style=\"width: 24px; height: 24px;\"><\/div>\n        <\/div>\n            <div class=\"kksr-star\" style=\"padding-right: 5px\">\n            \n\n<div class=\"kksr-icon\" style=\"width: 24px; height: 24px;\"><\/div>\n        <\/div>\n            <div class=\"kksr-star\" style=\"padding-right: 5px\">\n            \n\n<div class=\"kksr-icon\" style=\"width: 24px; height: 24px;\"><\/div>\n        <\/div>\n            <div class=\"kksr-star\" style=\"padding-right: 5px\">\n            \n\n<div class=\"kksr-icon\" style=\"width: 24px; height: 24px;\"><\/div>\n        <\/div>\n            <div class=\"kksr-star\" style=\"padding-right: 5px\">\n            \n\n<div class=\"kksr-icon\" style=\"width: 24px; height: 24px;\"><\/div>\n        <\/div>\n    <\/div>\n<\/div>\n                \n\n<div class=\"kksr-legend\" style=\"font-size: 19.2px;\">\n            <span class=\"kksr-muted\">Rate this post<\/span>\n    <\/div>\n    <\/div>\n\n<p>La salud de la piel es esencial en todas las etapas de la vida, pero en la infancia, presenta desaf\u00edos y caracter\u00edsticas propias que requieren una atenci\u00f3n especializada. La <strong>dermatolog\u00eda pedi\u00e1trica<\/strong> es la rama de la dermatolog\u00eda enfocada en el diagn\u00f3stico, tratamiento y prevenci\u00f3n de enfermedades de la piel en ni\u00f1os. Desde afecciones comunes como la dermatitis at\u00f3pica hasta condiciones m\u00e1s raras, esta especialidad se centra en ofrecer cuidados integrales para la piel de los m\u00e1s peque\u00f1os.<\/p>\n\n\n\n<h2 class=\"wp-block-heading\"><strong>Caracter\u00edsticas de la piel infantil<\/strong> <\/h2>\n\n\n\n<p>La piel de los ni\u00f1os, especialmente en los primeros a\u00f1os de vida, <strong>es m\u00e1s delgada y sensible que la de los adultos<\/strong>. Esto la hace m\u00e1s susceptible a irritaciones, alergias y diversas afecciones cut\u00e1neas.<\/p>\n\n\n\n<p>Adicionalmente, la piel infantil <strong>tiene una capacidad regenerativa mucho mayor, pero tambi\u00e9n puede ser m\u00e1s vulnerable a factores externos<\/strong> como el sol, productos qu\u00edmicos y alergenos. Estas particularidades hacen que los cuidados y tratamientos dermatol\u00f3gicos pedi\u00e1tricos sean distintos a los de los adultos.<\/p>\n\n\n\n<h2 class=\"wp-block-heading\"><strong>Enfermedades comunes en dermatolog\u00eda pedi\u00e1trica<\/strong><\/h2>\n\n\n\n<ul class=\"wp-block-list\">\n<li><strong>Dermatitis at\u00f3pica:<\/strong> Una afecci\u00f3n cr\u00f3nica que causa picaz\u00f3n e inflamaci\u00f3n de la piel.<\/li>\n\n\n\n<li><strong>Molusco contagioso:<\/strong> Peque\u00f1as protuberancias cut\u00e1neas causadas por un virus.<\/li>\n\n\n\n<li><strong>Verrugas virales:<\/strong> Crecimientos en la piel causados por el virus del papiloma humano.<\/li>\n\n\n\n<li><strong>Imp\u00e9tigo:<\/strong> Infecci\u00f3n bacteriana que causa llagas rojas en la piel.<\/li>\n\n\n\n<li><strong>Costra l\u00e1ctea:<\/strong> Escamas amarillentas en el cuero cabelludo de los reci\u00e9n nacidos.<\/li>\n<\/ul>\n\n\n\n<h2 class=\"wp-block-heading\"><strong>Tratamientos en dermatolog\u00eda pedi\u00e1trica<\/strong><\/h2>\n\n\n\n<ul class=\"wp-block-list\">\n<li><strong>Cremas y ung\u00fcentos t\u00f3picos:<\/strong> Para tratar afecciones como <a href=\"https:\/\/www.healthychildren.org\/Spanish\/health-issues\/conditions\/skin\/Paginas\/how-to-treat-and-control-eczema-rashes-in-children.aspx\" rel=\"nofollow\">eczema <\/a>o <a href=\"https:\/\/medlineplus.gov\/spanish\/ency\/patientinstructions\/000939.htm\" rel=\"nofollow\">dermatitis<\/a>.<\/li>\n\n\n\n<li><strong>Medicamentos orales:<\/strong> Utilizados para afecciones m\u00e1s graves o persistentes.<\/li>\n\n\n\n<li><strong>Terapias con l\u00e1ser:<\/strong> Para tratar <a href=\"https:\/\/www.massgeneral.org\/children\/warts\/las-verrugas-en-los-ninos-lo-que-debe-saber\" rel=\"nofollow\">verrugas <\/a>o <a href=\"https:\/\/www.cun.es\/enfermedades-tratamientos\/enfermedades\/hemangiomas#:~:text=Los%20hemangiomas%20son%20tumoraciones%20vasculares,computarizada%20o%20una%20resonancia%20magn%C3%A9tica.\" rel=\"nofollow\">hemangiomas<\/a>.<\/li>\n\n\n\n<li><strong>Intervenciones quir\u00fargicas menores:<\/strong> Para extirpar <a href=\"https:\/\/hospitaldenens.com\/es\/guia-de-salud-y-enfermedades\/lunares-nevus-pediatria\/\" rel=\"nofollow\">lunares <\/a>o <a href=\"https:\/\/www.davila.cl\/quistes-en-ninos\/\" rel=\"nofollow\">quistes<\/a>.<\/li>\n<\/ul>\n\n\n\n<h2 class=\"wp-block-heading\"><strong>La importancia de la prevenci\u00f3n<\/strong> <\/h2>\n\n\n\n<p>Dada la sensibilidad de la piel infantil, la prevenci\u00f3n juega un papel crucial en la dermatolog\u00eda pedi\u00e1trica. <strong>Mantener la piel hidratada, protegerla de la exposici\u00f3n excesiva al sol y usar productos adecuados para la piel infantil son esenciales para evitar futuras afecciones.<\/strong><\/p>\n\n\n\n<h2 class=\"wp-block-heading\"><strong>Dermatolog\u00eda pedi\u00e1trica online<\/strong><\/h2>\n\n\n\n<p>Si sospechas que tu hijo puede tener alguna afecci\u00f3n cut\u00e1nea o simplemente deseas una revisi\u00f3n rutinaria, no dudes en agendar una <a href=\"https:\/\/nexu.co\/specialties\/dermatologia\">consulta de dermatolog\u00eda online<\/a> pedi\u00e1trica en <a href=\"https:\/\/nexu.co\/\">Nexu<\/a>. Contamos con profesionales capacitados para ofrecer el mejor cuidado para la piel de los m\u00e1s peque\u00f1os.<\/p>\n\n\n\n<h3 class=\"wp-block-heading\">\u00bfTe ha sido \u00fatil? Puede que tambi\u00e9n te interese:<\/h3>\n\n\n\n<ul class=\"wp-block-list\">\n<li><a href=\"https:\/\/blog.mydoki.com\/blog\/virus-respiratorio-sincitial-una-mirada-detallada\/?lang=es\" target=\"_blank\" rel=\"noreferrer noopener\">Virus Respiratorio Sincitial: Una Mirada Detallada<\/a><\/li>\n\n\n\n<li><a href=\"https:\/\/blog.mydoki.com\/blog\/que-hace-un-medico-pediatra\/?lang=es\" target=\"_blank\" rel=\"noreferrer noopener\">\u00bfQu\u00e9 Hace Un M\u00e9dico Pediatra?<\/a><\/li>\n<\/ul>\n","protected":false},"excerpt":{"rendered":"<p>La dermatolog\u00eda pedi\u00e1trica se especializa en el cuidado y tratamiento de afecciones cut\u00e1neas en ni\u00f1os. Desde caracter\u00edsticas \u00fanicas de la piel infantil, pasando por enfermedades comunes hasta tratamientos espec\u00edficos, este campo aborda las particularidades dermatol\u00f3gicas de los m\u00e1s j\u00f3venes. Conocer estos aspectos es esencial para brindar la atenci\u00f3n adecuada a la piel en desarrollo de un ni\u00f1o.<\/p>\n","protected":false},"author":12,"featured_media":3376,"comment_status":"open","ping_status":"open","sticky":false,"template":"","format":"standard","meta":{"_eb_attr":"","inline_featured_image":false,"footnotes":""},"categories":[185,187],"tags":[],"class_list":["post-3375","post","type-post","status-publish","format-standard","has-post-thumbnail","hentry","category-dermatologia","category-pediatria"],"_links":{"self":[{"href":"https:\/\/nexu.co\/blog\/wp-json\/wp\/v2\/posts\/3375","targetHints":{"allow":["GET"]}}],"collection":[{"href":"https:\/\/nexu.co\/blog\/wp-json\/wp\/v2\/posts"}],"about":[{"href":"https:\/\/nexu.co\/blog\/wp-json\/wp\/v2\/types\/post"}],"author":[{"embeddable":true,"href":"https:\/\/nexu.co\/blog\/wp-json\/wp\/v2\/users\/12"}],"replies":[{"embeddable":true,"href":"https:\/\/nexu.co\/blog\/wp-json\/wp\/v2\/comments?post=3375"}],"version-history":[{"count":1,"href":"https:\/\/nexu.co\/blog\/wp-json\/wp\/v2\/posts\/3375\/revisions"}],"predecessor-version":[{"id":5557,"href":"https:\/\/nexu.co\/blog\/wp-json\/wp\/v2\/posts\/3375\/revisions\/5557"}],"wp:featuredmedia":[{"embeddable":true,"href":"https:\/\/nexu.co\/blog\/wp-json\/wp\/v2\/media\/3376"}],"wp:attachment":[{"href":"https:\/\/nexu.co\/blog\/wp-json\/wp\/v2\/media?parent=3375"}],"wp:term":[{"taxonomy":"category","embeddable":true,"href":"https:\/\/nexu.co\/blog\/wp-json\/wp\/v2\/categories?post=3375"},{"taxonomy":"post_tag","embeddable":true,"href":"https:\/\/nexu.co\/blog\/wp-json\/wp\/v2\/tags?post=3375"}],"curies":[{"name":"wp","href":"https:\/\/api.w.org\/{rel}","templated":true}]}}